{"id":1094,"date":"2016-05-16T17:56:22","date_gmt":"2016-05-16T20:56:22","guid":{"rendered":"http:\/\/www.cofecon.org.br\/?p=1094"},"modified":"2016-05-16T17:56:22","modified_gmt":"2016-05-16T20:56:22","slug":"presidente-do-cofecon-participa-de-congresso-em-havana","status":"publish","type":"post","link":"https:\/\/cofecon.org.br\/cofecon\/?p=1094","title":{"rendered":"Presidente do Cofecon participa de Congresso em Havana"},"content":{"rendered":"<p style=\"text-align: justify;\"><img loading=\"lazy\" decoding=\"async\" class=\"size-medium wp-image-1095 alignleft\" src=\"http:\/\/www.cofecon.org.br\/wp-content\/uploads\/2017\/06\/55-300x171.jpg\" alt=\"\" width=\"300\" height=\"171\" srcset=\"https:\/\/cofecon.org.br\/cofecon\/wp-content\/uploads\/2017\/06\/55-300x171.jpg 300w, https:\/\/cofecon.org.br\/cofecon\/wp-content\/uploads\/2017\/06\/55.jpg 679w\" sizes=\"(max-width: 300px) 100vw, 300px\" \/>A convite da Associa\u00e7\u00e3o de Economistas e Contadores de Cuba, o presidente do Conselho Federal de Economia (Cofecon), J\u00falio Miragaya, participa, de 16 a 18 de maio, do II Congresso Internacional de Gest\u00e3o Econ\u00f4mica e Desenvolvimento (II Congreso Internacional de Gesti\u00f3n Econ\u00f3mica e Desarollo) e da Assembleia da Associa\u00e7\u00e3o de Economistas da Am\u00e9rica Latina e Caribe (AEALC). Ambos os eventos ocorrem no Palacio de Convenciones de La Habana.<\/p>\n<p style=\"text-align: justify;\">Entre os assuntos que ser\u00e3o discutidos nos pain\u00e9is do Congresso Internacional est\u00e3o o impacto da consultoria econ\u00f4mica no desenvolvimento da gest\u00e3o empresarial; reflex\u00f5es sobre o modelo econ\u00f4mico socialista em Cuba; gest\u00e3o de riscos financeiros nas transa\u00e7\u00f5es internacionais; e o cooperativismo na atualiza\u00e7\u00e3o do modelo econ\u00f4mico cubano.<\/p>\n<p style=\"text-align: justify;\">A reuni\u00e3o com os diretores da AEALC, no dia 18 de maio, ter\u00e1 como objetivo apresentar a proposta dos eventos \u201cSemin\u00e1rio sobre o modelo de desenvolvimento para a Am\u00e9rica Latina\u201d e \u201cF\u00f3rum dos presidentes e dirigentes das associa\u00e7\u00f5es de Economia da Am\u00e9rica Latina e Caribe\u201d, com realiza\u00e7\u00e3o prevista para os dias 28 e 29 de novembro no Rio de Janeiro.<\/p>\n","protected":false},"excerpt":{"rendered":"<p>A convite da Associa\u00e7\u00e3o de Economistas e Contadores de Cuba, o presidente do Conselho Federal de Economia (Cofecon), J\u00falio Miragaya, participa, de 16 a 18 de maio, do II Congresso Internacional de Gest\u00e3o Econ\u00f4mica e Desenvolvimento (II Congreso Internacional de<\/p>\n<p><a class=\"more-link\" href=\"https:\/\/cofecon.org.br\/cofecon\/?p=1094\">Leia Mais<\/a><\/p>\n","protected":false},"author":1,"featured_media":0,"comment_status":"open","ping_status":"open","sticky":false,"template":"","format":"standard","meta":{"footnotes":""},"categories":[2],"tags":[],"class_list":["post-1094","post","type-post","status-publish","format-standard","hentry","category-noticias"],"_links":{"self":[{"href":"https:\/\/cofecon.org.br\/cofecon\/index.php?rest_route=\/wp\/v2\/posts\/1094"}],"collection":[{"href":"https:\/\/cofecon.org.br\/cofecon\/index.php?rest_route=\/wp\/v2\/posts"}],"about":[{"href":"https:\/\/cofecon.org.br\/cofecon\/index.php?rest_route=\/wp\/v2\/types\/post"}],"author":[{"embeddable":true,"href":"https:\/\/cofecon.org.br\/cofecon\/index.php?rest_route=\/wp\/v2\/users\/1"}],"replies":[{"embeddable":true,"href":"https:\/\/cofecon.org.br\/cofecon\/index.php?rest_route=%2Fwp%2Fv2%2Fcomments&post=1094"}],"version-history":[{"count":0,"href":"https:\/\/cofecon.org.br\/cofecon\/index.php?rest_route=\/wp\/v2\/posts\/1094\/revisions"}],"wp:attachment":[{"href":"https:\/\/cofecon.org.br\/cofecon\/index.php?rest_route=%2Fwp%2Fv2%2Fmedia&parent=1094"}],"wp:term":[{"taxonomy":"category","embeddable":true,"href":"https:\/\/cofecon.org.br\/cofecon\/index.php?rest_route=%2Fwp%2Fv2%2Fcategories&post=1094"},{"taxonomy":"post_tag","embeddable":true,"href":"https:\/\/cofecon.org.br\/cofecon\/index.php?rest_route=%2Fwp%2Fv2%2Ftags&post=1094"}],"curies":[{"name":"wp","href":"https:\/\/api.w.org\/{rel}","templated":true}]}}