{"id":10927,"date":"2020-04-23T10:42:29","date_gmt":"2020-04-23T13:42:29","guid":{"rendered":"https:\/\/www.cofecon.org.br\/?p=10927"},"modified":"2020-04-23T10:42:29","modified_gmt":"2020-04-23T13:42:29","slug":"em-live-corecon-ce-discutira-efeitos-da-crise-no-meio-rural","status":"publish","type":"post","link":"https:\/\/cofecon.org.br\/cofecon\/?p=10927","title":{"rendered":"Em live, Corecon-CE discutir\u00e1 efeitos da crise no meio rural"},"content":{"rendered":"\n<p><img loading=\"lazy\" decoding=\"async\" class=\"wp-image-10928 size-medium alignleft\" src=\"https:\/\/www.cofecon.org.br\/wp-content\/uploads\/2020\/04\/live-ceara-silvana-300x300.jpg\" alt=\"\" width=\"300\" height=\"300\" srcset=\"https:\/\/cofecon.org.br\/cofecon\/wp-content\/uploads\/2020\/04\/live-ceara-silvana-300x300.jpg 300w, https:\/\/cofecon.org.br\/cofecon\/wp-content\/uploads\/2020\/04\/live-ceara-silvana-150x150.jpg 150w, https:\/\/cofecon.org.br\/cofecon\/wp-content\/uploads\/2020\/04\/live-ceara-silvana-768x768.jpg 768w, https:\/\/cofecon.org.br\/cofecon\/wp-content\/uploads\/2020\/04\/live-ceara-silvana-250x250.jpg 250w, https:\/\/cofecon.org.br\/cofecon\/wp-content\/uploads\/2020\/04\/live-ceara-silvana.jpg 800w\" sizes=\"(max-width: 300px) 100vw, 300px\" \/>&#8220;Efeitos da crise no meio rural e medidas de apoio do Governo do Estado do Cear\u00e1&#8221; foi o tema escolhido pelo Conselho Regional de Economia do Cear\u00e1 (Corecon-CE) para a live desta quinta-feira, 23 de abril. O bate-papo ocorrer\u00e1 a partir das 18h no perfil do Corecon-CE na rede social Instagram: @coreconceara.<\/p>\n<p>Participam Silvana Parente, vice-presidente do Corecon-CE, diretora do Instituto de Assessoria para o Desenvolvimento Humano (IADH), ex-secret\u00e1ria de Planejamento e Gest\u00e3o do Cear\u00e1; e De Assis Diniz, advogado, historiador e secret\u00e1rio de Desenvolvimento Agr\u00e1rio do Governo do Cear\u00e1.<\/p>\n<p>\u00a0<\/p>\n","protected":false},"excerpt":{"rendered":"","protected":false},"author":1,"featured_media":10929,"comment_status":"closed","ping_status":"closed","sticky":false,"template":"","format":"standard","meta":{"footnotes":""},"categories":[4,2],"tags":[],"class_list":["post-10927","post","type-post","status-publish","format-standard","has-post-thumbnail","hentry","category-corecons-em-movimento","category-noticias"],"_links":{"self":[{"href":"https:\/\/cofecon.org.br\/cofecon\/index.php?rest_route=\/wp\/v2\/posts\/10927"}],"collection":[{"href":"https:\/\/cofecon.org.br\/cofecon\/index.php?rest_route=\/wp\/v2\/posts"}],"about":[{"href":"https:\/\/cofecon.org.br\/cofecon\/index.php?rest_route=\/wp\/v2\/types\/post"}],"author":[{"embeddable":true,"href":"https:\/\/cofecon.org.br\/cofecon\/index.php?rest_route=\/wp\/v2\/users\/1"}],"replies":[{"embeddable":true,"href":"https:\/\/cofecon.org.br\/cofecon\/index.php?rest_route=%2Fwp%2Fv2%2Fcomments&post=10927"}],"version-history":[{"count":0,"href":"https:\/\/cofecon.org.br\/cofecon\/index.php?rest_route=\/wp\/v2\/posts\/10927\/revisions"}],"wp:featuredmedia":[{"embeddable":true,"href":"https:\/\/cofecon.org.br\/cofecon\/index.php?rest_route=\/wp\/v2\/media\/10929"}],"wp:attachment":[{"href":"https:\/\/cofecon.org.br\/cofecon\/index.php?rest_route=%2Fwp%2Fv2%2Fmedia&parent=10927"}],"wp:term":[{"taxonomy":"category","embeddable":true,"href":"https:\/\/cofecon.org.br\/cofecon\/index.php?rest_route=%2Fwp%2Fv2%2Fcategories&post=10927"},{"taxonomy":"post_tag","embeddable":true,"href":"https:\/\/cofecon.org.br\/cofecon\/index.php?rest_route=%2Fwp%2Fv2%2Ftags&post=10927"}],"curies":[{"name":"wp","href":"https:\/\/api.w.org\/{rel}","templated":true}]}}