{"id":1091,"date":"2016-05-17T17:54:37","date_gmt":"2016-05-17T20:54:37","guid":{"rendered":"http:\/\/www.cofecon.org.br\/?p=1091"},"modified":"2016-05-17T17:54:37","modified_gmt":"2016-05-17T20:54:37","slug":"gincana-nacional-de-economia-ja-tem-finalistas-em-amazonas","status":"publish","type":"post","link":"https:\/\/cofecon.org.br\/cofecon\/?p=1091","title":{"rendered":"Gincana Nacional de Economia j\u00e1 tem finalistas em Amazonas"},"content":{"rendered":"<p style=\"text-align: justify;\"><img loading=\"lazy\" decoding=\"async\" class=\"size-medium wp-image-1092 alignleft\" src=\"http:\/\/www.cofecon.org.br\/wp-content\/uploads\/2017\/06\/54-300x171.jpg\" alt=\"\" width=\"300\" height=\"171\" srcset=\"https:\/\/cofecon.org.br\/cofecon\/wp-content\/uploads\/2017\/06\/54-300x171.jpg 300w, https:\/\/cofecon.org.br\/cofecon\/wp-content\/uploads\/2017\/06\/54.jpg 679w\" sizes=\"(max-width: 300px) 100vw, 300px\" \/>O Conselho Regional de Economia do Amazonas (Corecon-AM) realizou a etapa regional da Gincana Nacional de Economia no \u00faltimo s\u00e1bado, dia 14 de maio. No total, inscreveram-se 36 duplas de estudantes universit\u00e1rios e compareceram 28, representando todas as faculdades de Economia de Manaus. A competi\u00e7\u00e3o durou sete horas e ocorreu no Centro Universit\u00e1rio do Norte (Uninorte).<\/p>\n<p style=\"text-align: justify;\">As duplas vencedoras s\u00e3o formadas pelos alunos da Universidade Estadual do Amazonas (UEA), Paulo Victor Oliveira Queiroz e Bruno de Melo Ruas, Juan Lucas Santiago de Souza e Luan Felipe de Moraes Lobo; e do Centro Universit\u00e1rio de Ensino Superior do Amazonas (CIESA), Jeisse de Ara\u00fajo Ximenes e Felipe Oliveira Sampaio. \u201cFoi um dia e tanto! Fazer essa gincana acontecer exigiu-nos um bom trabalho, que come\u00e7ou com visitas as faculdades, busca por um local que comportasse a quantidade de competidores, e horas montando as chaves de forma a possibilitar que todos tivessem chance. O trabalho foi proporcional ao prazer e alegria de ver as pr\u00f3ximas gera\u00e7\u00f5es de economistas duelando com \u00e9tica e respeito ao oponente. Essa garotada vai longe!\u201d, afirmou a coordenadora nacional da Gincana, a conselheira federal Denise Kassama.<\/p>\n<p style=\"text-align: justify;\">O presidente do Corecon-AM, Nelson Azevedo dos Santos, parabenizou todos os alunos; as institui\u00e7\u00f5es de ensino; a comiss\u00e3o de Valoriza\u00e7\u00e3o Profissional da autarquia; a coordenadora nacional da Gincana e conselheira federal, Denise Kassama; o organizador da etapa regional da Gincana, F\u00e1bio Franzosi; e a equipe de funcion\u00e1rios composta por Luiz C\u00e9sar, Tina Souza e Carla Mendes.<\/p>\n<p style=\"text-align: justify;\"><strong>Sobre a Gincana Nacional de Economia<\/strong><\/p>\n<p style=\"text-align: justify;\">As etapas locais da Gincana s\u00e3o organizadas pelos Conselhos Regionais de Economia e a fase final \u00e9 realizada pelo Cofecon, com data marcada para 1\u00ba e 2 de setembro, em Natal (RN). Cada Conselho adota um cronograma espec\u00edfico para a etapa regional.<\/p>\n","protected":false},"excerpt":{"rendered":"<p>O Conselho Regional de Economia do Amazonas (Corecon-AM) realizou a etapa regional da Gincana Nacional de Economia no \u00faltimo s\u00e1bado, dia 14 de maio. No total, inscreveram-se 36 duplas de estudantes universit\u00e1rios e compareceram 28, representando todas as faculdades de<\/p>\n<p><a class=\"more-link\" href=\"https:\/\/cofecon.org.br\/cofecon\/?p=1091\">Leia Mais<\/a><\/p>\n","protected":false},"author":1,"featured_media":0,"comment_status":"open","ping_status":"open","sticky":false,"template":"","format":"standard","meta":{"footnotes":""},"categories":[2],"tags":[],"class_list":["post-1091","post","type-post","status-publish","format-standard","hentry","category-noticias"],"_links":{"self":[{"href":"https:\/\/cofecon.org.br\/cofecon\/index.php?rest_route=\/wp\/v2\/posts\/1091"}],"collection":[{"href":"https:\/\/cofecon.org.br\/cofecon\/index.php?rest_route=\/wp\/v2\/posts"}],"about":[{"href":"https:\/\/cofecon.org.br\/cofecon\/index.php?rest_route=\/wp\/v2\/types\/post"}],"author":[{"embeddable":true,"href":"https:\/\/cofecon.org.br\/cofecon\/index.php?rest_route=\/wp\/v2\/users\/1"}],"replies":[{"embeddable":true,"href":"https:\/\/cofecon.org.br\/cofecon\/index.php?rest_route=%2Fwp%2Fv2%2Fcomments&post=1091"}],"version-history":[{"count":0,"href":"https:\/\/cofecon.org.br\/cofecon\/index.php?rest_route=\/wp\/v2\/posts\/1091\/revisions"}],"wp:attachment":[{"href":"https:\/\/cofecon.org.br\/cofecon\/index.php?rest_route=%2Fwp%2Fv2%2Fmedia&parent=1091"}],"wp:term":[{"taxonomy":"category","embeddable":true,"href":"https:\/\/cofecon.org.br\/cofecon\/index.php?rest_route=%2Fwp%2Fv2%2Fcategories&post=1091"},{"taxonomy":"post_tag","embeddable":true,"href":"https:\/\/cofecon.org.br\/cofecon\/index.php?rest_route=%2Fwp%2Fv2%2Ftags&post=1091"}],"curies":[{"name":"wp","href":"https:\/\/api.w.org\/{rel}","templated":true}]}}