{"id":1088,"date":"2016-05-18T17:52:58","date_gmt":"2016-05-18T20:52:58","guid":{"rendered":"http:\/\/www.cofecon.org.br\/?p=1088"},"modified":"2016-05-18T17:52:58","modified_gmt":"2016-05-18T20:52:58","slug":"corecon-paap-firma-parceria-com-instituicoes-cientificas-do-para","status":"publish","type":"post","link":"https:\/\/cofecon.org.br\/cofecon\/?p=1088","title":{"rendered":"Corecon PA\/AP firma parceria com institui\u00e7\u00f5es cient\u00edficas do Par\u00e1"},"content":{"rendered":"<p style=\"text-align: justify;\"><img loading=\"lazy\" decoding=\"async\" class=\"size-medium wp-image-1089 alignleft\" src=\"http:\/\/www.cofecon.org.br\/wp-content\/uploads\/2017\/06\/53-300x138.jpg\" alt=\"\" width=\"300\" height=\"138\" srcset=\"https:\/\/cofecon.org.br\/cofecon\/wp-content\/uploads\/2017\/06\/53-300x138.jpg 300w, https:\/\/cofecon.org.br\/cofecon\/wp-content\/uploads\/2017\/06\/53.jpg 679w\" sizes=\"(max-width: 300px) 100vw, 300px\" \/>O Conselho Regional de Economia do Par\u00e1 e Amap\u00e1 (Corecon-PA\/AP) assinou, no dia 17 de maio, protocolo de inten\u00e7\u00f5es com a Escola de Governan\u00e7a P\u00fablica do Estado do Par\u00e1, Secretaria Extraordin\u00e1ria de Estado de Integra\u00e7\u00e3o de Pol\u00edticas Sociais, Funda\u00e7\u00e3o Propaz, Funda\u00e7\u00e3o Amaz\u00f4nia de Amparo a Estudos e Pesquisas do Par\u00e1 (Fapespa) e Credicidad\u00e3o. O objetivo da parceria \u00e9 a implanta\u00e7\u00e3o e aperfei\u00e7oamento de a\u00e7\u00f5es e atividades voltadas para a capacita\u00e7\u00e3o em educa\u00e7\u00e3o financeira de servidores p\u00fablicos do estado do Par\u00e1, bem como promover a\u00e7\u00f5es junto as fam\u00edlias que se encontram em situa\u00e7\u00e3o de vulnerabilidade social no estado.<\/p>\n<p style=\"text-align: justify;\">A iniciativa busca promover a intera\u00e7\u00e3o das institui\u00e7\u00f5es cient\u00edficas do estado, dos complexos produtivos, do governo e da sociedade para discutir a\u00e7\u00f5es focadas no desenvolvimento socioecon\u00f4mico, al\u00e9m da promo\u00e7\u00e3o de debates relacionados a inclus\u00e3o socioprodutiva e desenvolvimento sustent\u00e1vel. Com isso, espera-se melhorar a compreens\u00e3o dos cidad\u00e3os quanto ao consumo, poupan\u00e7a e cr\u00e9dito.<\/p>\n<p style=\"text-align: justify;\">O conselheiro federal Eduardo Jos\u00e9 Monteiro da Costa, que \u00e9 presidente da Fapespa, esteve presente no evento, ao lado do presidente do Corecon-PA\/AP, N\u00e9lio Bordalo. \u201cCom esta iniciativa, o Conselho Regional de Economia amplia sua participa\u00e7\u00e3o no aspecto de responsabilidade social, contribuindo com a popula\u00e7\u00e3o na busca de qualidade de vida atrav\u00e9s da educa\u00e7\u00e3o financeira\u201d, afirmou N\u00e9lio Bordalo.<\/p>\n","protected":false},"excerpt":{"rendered":"<p>O Conselho Regional de Economia do Par\u00e1 e Amap\u00e1 (Corecon-PA\/AP) assinou, no dia 17 de maio, protocolo de inten\u00e7\u00f5es com a Escola de Governan\u00e7a P\u00fablica do Estado do Par\u00e1, Secretaria Extraordin\u00e1ria de Estado de Integra\u00e7\u00e3o de Pol\u00edticas Sociais, Funda\u00e7\u00e3o Propaz,<\/p>\n<p><a class=\"more-link\" href=\"https:\/\/cofecon.org.br\/cofecon\/?p=1088\">Leia Mais<\/a><\/p>\n","protected":false},"author":1,"featured_media":0,"comment_status":"open","ping_status":"open","sticky":false,"template":"","format":"standard","meta":{"footnotes":""},"categories":[2],"tags":[],"class_list":["post-1088","post","type-post","status-publish","format-standard","hentry","category-noticias"],"_links":{"self":[{"href":"https:\/\/cofecon.org.br\/cofecon\/index.php?rest_route=\/wp\/v2\/posts\/1088"}],"collection":[{"href":"https:\/\/cofecon.org.br\/cofecon\/index.php?rest_route=\/wp\/v2\/posts"}],"about":[{"href":"https:\/\/cofecon.org.br\/cofecon\/index.php?rest_route=\/wp\/v2\/types\/post"}],"author":[{"embeddable":true,"href":"https:\/\/cofecon.org.br\/cofecon\/index.php?rest_route=\/wp\/v2\/users\/1"}],"replies":[{"embeddable":true,"href":"https:\/\/cofecon.org.br\/cofecon\/index.php?rest_route=%2Fwp%2Fv2%2Fcomments&post=1088"}],"version-history":[{"count":0,"href":"https:\/\/cofecon.org.br\/cofecon\/index.php?rest_route=\/wp\/v2\/posts\/1088\/revisions"}],"wp:attachment":[{"href":"https:\/\/cofecon.org.br\/cofecon\/index.php?rest_route=%2Fwp%2Fv2%2Fmedia&parent=1088"}],"wp:term":[{"taxonomy":"category","embeddable":true,"href":"https:\/\/cofecon.org.br\/cofecon\/index.php?rest_route=%2Fwp%2Fv2%2Fcategories&post=1088"},{"taxonomy":"post_tag","embeddable":true,"href":"https:\/\/cofecon.org.br\/cofecon\/index.php?rest_route=%2Fwp%2Fv2%2Ftags&post=1088"}],"curies":[{"name":"wp","href":"https:\/\/api.w.org\/{rel}","templated":true}]}}