{"id":1085,"date":"2016-05-19T17:50:53","date_gmt":"2016-05-19T20:50:53","guid":{"rendered":"http:\/\/www.cofecon.org.br\/?p=1085"},"modified":"2016-05-19T17:50:53","modified_gmt":"2016-05-19T20:50:53","slug":"presidente-do-cofecon-participou-da-assembleia-geral-da-aealc","status":"publish","type":"post","link":"https:\/\/cofecon.org.br\/cofecon\/?p=1085","title":{"rendered":"Presidente do Cofecon participou da Assembleia Geral da AEALC"},"content":{"rendered":"<p style=\"text-align: justify;\"><img loading=\"lazy\" decoding=\"async\" class=\"size-medium wp-image-1086 alignleft\" src=\"http:\/\/www.cofecon.org.br\/wp-content\/uploads\/2017\/06\/51-300x171.jpg\" alt=\"\" width=\"300\" height=\"171\" srcset=\"https:\/\/cofecon.org.br\/cofecon\/wp-content\/uploads\/2017\/06\/51-300x171.jpg 300w, https:\/\/cofecon.org.br\/cofecon\/wp-content\/uploads\/2017\/06\/51.jpg 679w\" sizes=\"(max-width: 300px) 100vw, 300px\" \/>A Associa\u00e7\u00e3o de Economistas e Contadores de Cuba realizou, de 16 a 19 de maio, o II Congresso Internacional de Gest\u00e3o Econ\u00f4mica e Desenvolvimento (II Congreso Internacional de Gesti\u00f3n Econ\u00f3mica e Desarollo), em Havana. O presidente do Conselho Federal de Economia, J\u00falio Miragaya, representou a autarquia no evento, juntamente com o presidente do Conselho Regional de Economia do Rio de Janeiro (Corecon-RJ) e conselheiro federal suplente, Jos\u00e9 Antonio Lutterbach Soares.<\/p>\n<p style=\"text-align: justify;\">No decorrer do Congresso, foi realizada a Assembleia Geral da Associa\u00e7\u00e3o de Economistas da Am\u00e9rica Latina e Caribe (AEALC) e, na ocasi\u00e3o, o Cofecon e o Corecon-RJ apresentaram a proposta de realiza\u00e7\u00e3o do \u201cSemin\u00e1rio sobre o modelo de desenvolvimento para a Am\u00e9rica Latina e Caribe\u201d e \u201cI F\u00f3rum dos presidentes e dirigentes das associa\u00e7\u00f5es de Economistas da Am\u00e9rica Latina e Caribe\u201d. A proposi\u00e7\u00e3o foi acatada por todos. A\u00a0Assembleia aprovou tamb\u00e9m, por unanimidade, a indica\u00e7\u00e3o do presidente do Cofecon para exercer a vice-presid\u00eancia da AEALC para os pa\u00edses do Cone Sul (Brasil, Argentina, Uruguai, Paraguai e Chile).<\/p>\n<p style=\"text-align: justify;\">Por fim, por sugest\u00e3o do presidente da AEALC, Oscar Luis Hung Pent\u00f3n, e do presidente de honra da Associa\u00e7\u00e3o, Marcial Valiente, foi discutida e aprovada uma declara\u00e7\u00e3o da AEALC sobre a situa\u00e7\u00e3o pol\u00edtica do Brasil.<\/p>\n<p style=\"text-align: justify;\"><strong>Dirigentes da AEALC<\/strong><\/p>\n","protected":false},"excerpt":{"rendered":"<p>A Associa\u00e7\u00e3o de Economistas e Contadores de Cuba realizou, de 16 a 19 de maio, o II Congresso Internacional de Gest\u00e3o Econ\u00f4mica e Desenvolvimento (II Congreso Internacional de Gesti\u00f3n Econ\u00f3mica e Desarollo), em Havana. O presidente do Conselho Federal de<\/p>\n<p><a class=\"more-link\" href=\"https:\/\/cofecon.org.br\/cofecon\/?p=1085\">Leia Mais<\/a><\/p>\n","protected":false},"author":1,"featured_media":0,"comment_status":"open","ping_status":"open","sticky":false,"template":"","format":"standard","meta":{"footnotes":""},"categories":[2],"tags":[],"class_list":["post-1085","post","type-post","status-publish","format-standard","hentry","category-noticias"],"_links":{"self":[{"href":"https:\/\/cofecon.org.br\/cofecon\/index.php?rest_route=\/wp\/v2\/posts\/1085"}],"collection":[{"href":"https:\/\/cofecon.org.br\/cofecon\/index.php?rest_route=\/wp\/v2\/posts"}],"about":[{"href":"https:\/\/cofecon.org.br\/cofecon\/index.php?rest_route=\/wp\/v2\/types\/post"}],"author":[{"embeddable":true,"href":"https:\/\/cofecon.org.br\/cofecon\/index.php?rest_route=\/wp\/v2\/users\/1"}],"replies":[{"embeddable":true,"href":"https:\/\/cofecon.org.br\/cofecon\/index.php?rest_route=%2Fwp%2Fv2%2Fcomments&post=1085"}],"version-history":[{"count":0,"href":"https:\/\/cofecon.org.br\/cofecon\/index.php?rest_route=\/wp\/v2\/posts\/1085\/revisions"}],"wp:attachment":[{"href":"https:\/\/cofecon.org.br\/cofecon\/index.php?rest_route=%2Fwp%2Fv2%2Fmedia&parent=1085"}],"wp:term":[{"taxonomy":"category","embeddable":true,"href":"https:\/\/cofecon.org.br\/cofecon\/index.php?rest_route=%2Fwp%2Fv2%2Fcategories&post=1085"},{"taxonomy":"post_tag","embeddable":true,"href":"https:\/\/cofecon.org.br\/cofecon\/index.php?rest_route=%2Fwp%2Fv2%2Ftags&post=1085"}],"curies":[{"name":"wp","href":"https:\/\/api.w.org\/{rel}","templated":true}]}}