{"id":1081,"date":"2016-05-19T17:48:24","date_gmt":"2016-05-19T20:48:24","guid":{"rendered":"http:\/\/www.cofecon.org.br\/?p=1081"},"modified":"2016-05-19T17:48:24","modified_gmt":"2016-05-19T20:48:24","slug":"conselhos-regionais-participam-da-semana-nacional-de-educacao-financeira","status":"publish","type":"post","link":"https:\/\/cofecon.org.br\/cofecon\/?p=1081","title":{"rendered":"Conselhos Regionais participam da Semana Nacional de Educa\u00e7\u00e3o Financeira"},"content":{"rendered":"<p style=\"text-align: justify;\"><img loading=\"lazy\" decoding=\"async\" class=\"size-medium wp-image-1083 alignleft\" src=\"http:\/\/www.cofecon.org.br\/wp-content\/uploads\/2017\/06\/50-300x171.jpg\" alt=\"\" width=\"300\" height=\"171\" srcset=\"https:\/\/cofecon.org.br\/cofecon\/wp-content\/uploads\/2017\/06\/50-300x171.jpg 300w, https:\/\/cofecon.org.br\/cofecon\/wp-content\/uploads\/2017\/06\/50.jpg 679w\" sizes=\"(max-width: 300px) 100vw, 300px\" \/>Os Conselhos Regionais de Economia do Distrito Federal (Corecon-DF), do Par\u00e1 e Amap\u00e1 (Corecon-PA\/AP) e de Pernambuco (Corecon-PE) participaram da 3\u00aa Semana Nacional de Educa\u00e7\u00e3o Financeira, uma iniciativa do Comit\u00ea Nacional de Educa\u00e7\u00e3o Financeira (CONEF) para promover a Estrat\u00e9gia Nacional de Educa\u00e7\u00e3o Financeira (ENEF). Diversas a\u00e7\u00f5es educacionais s\u00e3o realizadas de 16 a 22 de maio.<\/p>\n<p style=\"text-align: justify;\">O Corecon-DF participou da solenidade de abertura em Bras\u00edlia no dia 16, no audit\u00f3rio do Banco Central do Brasil, representado pela presid\u00eancia, conselheiros e ger\u00eancia executiva. Tamb\u00e9m esteve presente em evento realizado no dia 18 em S\u00e3o Paulo pela Associa\u00e7\u00e3o de Educa\u00e7\u00e3o Financeira do Brasil (AEF-Brasil) em parceria com a Bett Educar Brasil, com foco em educa\u00e7\u00e3o financeira. Na ocasi\u00e3o foi realizado um talk show com a jornalista Mara Luquet voltado a professores e alunos. De 18 a 20 de maio, o Corecon-DF visitar\u00e1 escolas p\u00fablicas da regi\u00e3o administrativa de S\u00e3o Sebasti\u00e3o para ministrar palestras sobre educa\u00e7\u00e3o financeira e distribuir cartilha sobre o assunto.<\/p>\n<p style=\"text-align: justify;\">No Par\u00e1, o presidente do Corecon-PA\/AP, N\u00e9lio Bordalo Filho, e a presidente da Comiss\u00e3o de Educa\u00e7\u00e3o Financeira da autarquia, Guaraci Sarmento, ministraram a palestra \u201cPor que precisamos de educa\u00e7\u00e3o financeira?\u201d no dia 18 de maio, em evento na representa\u00e7\u00e3o do Banco Central em Bel\u00e9m.<\/p>\n<p style=\"text-align: justify;\"><img loading=\"lazy\" decoding=\"async\" class=\"size-medium wp-image-1082 alignleft\" src=\"http:\/\/www.cofecon.org.br\/wp-content\/uploads\/2017\/06\/49-300x179.jpg\" alt=\"\" width=\"300\" height=\"179\" srcset=\"https:\/\/cofecon.org.br\/cofecon\/wp-content\/uploads\/2017\/06\/49-300x179.jpg 300w, https:\/\/cofecon.org.br\/cofecon\/wp-content\/uploads\/2017\/06\/49.jpg 679w\" sizes=\"(max-width: 300px) 100vw, 300px\" \/>Em Recife, a presidente do Corecon-PE, Ana Cl\u00e1udia Arruda, ministrou palestra \u201cEduca\u00e7\u00e3o financeira para elas\u201d na sede da Associa\u00e7\u00e3o Comercial de Pernambuco \u2013 ACP no dia 18 de maio. J\u00e1 o membro da Comiss\u00e3o de Pol\u00edtica Econ\u00f4mica do Cofecon F\u00e1bio Silva apresentou, no mesmo dia, palestra sobre \u201cInvestimentos financeiros: renda fixa e vari\u00e1vel\u201d no audit\u00f3rio do Banco Central da capital pernambucana.<\/p>\n","protected":false},"excerpt":{"rendered":"<p>Os Conselhos Regionais de Economia do Distrito Federal (Corecon-DF), do Par\u00e1 e Amap\u00e1 (Corecon-PA\/AP) e de Pernambuco (Corecon-PE) participaram da 3\u00aa Semana Nacional de Educa\u00e7\u00e3o Financeira, uma iniciativa do Comit\u00ea Nacional de Educa\u00e7\u00e3o Financeira (CONEF) para promover a Estrat\u00e9gia Nacional<\/p>\n<p><a class=\"more-link\" href=\"https:\/\/cofecon.org.br\/cofecon\/?p=1081\">Leia Mais<\/a><\/p>\n","protected":false},"author":1,"featured_media":0,"comment_status":"open","ping_status":"open","sticky":false,"template":"","format":"standard","meta":{"footnotes":""},"categories":[2],"tags":[],"class_list":["post-1081","post","type-post","status-publish","format-standard","hentry","category-noticias"],"_links":{"self":[{"href":"https:\/\/cofecon.org.br\/cofecon\/index.php?rest_route=\/wp\/v2\/posts\/1081"}],"collection":[{"href":"https:\/\/cofecon.org.br\/cofecon\/index.php?rest_route=\/wp\/v2\/posts"}],"about":[{"href":"https:\/\/cofecon.org.br\/cofecon\/index.php?rest_route=\/wp\/v2\/types\/post"}],"author":[{"embeddable":true,"href":"https:\/\/cofecon.org.br\/cofecon\/index.php?rest_route=\/wp\/v2\/users\/1"}],"replies":[{"embeddable":true,"href":"https:\/\/cofecon.org.br\/cofecon\/index.php?rest_route=%2Fwp%2Fv2%2Fcomments&post=1081"}],"version-history":[{"count":0,"href":"https:\/\/cofecon.org.br\/cofecon\/index.php?rest_route=\/wp\/v2\/posts\/1081\/revisions"}],"wp:attachment":[{"href":"https:\/\/cofecon.org.br\/cofecon\/index.php?rest_route=%2Fwp%2Fv2%2Fmedia&parent=1081"}],"wp:term":[{"taxonomy":"category","embeddable":true,"href":"https:\/\/cofecon.org.br\/cofecon\/index.php?rest_route=%2Fwp%2Fv2%2Fcategories&post=1081"},{"taxonomy":"post_tag","embeddable":true,"href":"https:\/\/cofecon.org.br\/cofecon\/index.php?rest_route=%2Fwp%2Fv2%2Ftags&post=1081"}],"curies":[{"name":"wp","href":"https:\/\/api.w.org\/{rel}","templated":true}]}}