{"id":10714,"date":"2020-04-13T17:37:14","date_gmt":"2020-04-13T20:37:14","guid":{"rendered":"https:\/\/www.cofecon.org.br\/?p=10714"},"modified":"2020-04-13T17:37:14","modified_gmt":"2020-04-13T20:37:14","slug":"presidente-comenta-doacao-de-insumos-hospitalares-para-combate-a-pandemia-de-covid-19","status":"publish","type":"post","link":"https:\/\/cofecon.org.br\/cofecon\/?p=10714","title":{"rendered":"Presidente comenta doa\u00e7\u00e3o de insumos hospitalares para combate \u00e0 pandemia de Covid-19"},"content":{"rendered":"\n<p>O presidente do Cofecon, Antonio Corr\u00eaa de Lacerda, comentou a doa\u00e7\u00e3o, feita por bancos e empres\u00e1rios brasileiros, de insumos hospitalares relacionados ao combate \u00e0 pandemia de Covid-19 . &#8220;A solidariedade e a cidadania corporativa por parte das empresas e bancos s\u00e3o muito bem-vindas, mas n\u00e3o eximem a responsabilidade do Estado de prover recursos, pensar e implementar estrat\u00e9gias para fazer frente a uma situa\u00e7\u00e3o de extrema necessidade e urg\u00eancia&#8221;, afirmou Lacerda.<\/p>\n<p>A declara\u00e7\u00e3o ocorreu durante o Jornal da Cultura. Confira o coment\u00e1rio do presidente do Cofecon no v\u00eddeo abaixo.<\/p>\n<p><iframe loading=\"lazy\" title=\"Lacerda analisa doa\u00e7\u00e3o de insumos hospitalares feita por bancos e empres\u00e1rios brasileiros.\" width=\"500\" height=\"375\" src=\"https:\/\/www.youtube.com\/embed\/y1d2XAjD8XA?feature=oembed\" frameborder=\"0\" allow=\"accelerometer; autoplay; clipboard-write; encrypted-media; gyroscope; picture-in-picture; web-share\" referrerpolicy=\"strict-origin-when-cross-origin\" allowfullscreen><\/iframe><\/p>\n<p>come<\/p>\n<p>\u00a0<\/p>\n","protected":false},"excerpt":{"rendered":"","protected":false},"author":1,"featured_media":10715,"comment_status":"closed","ping_status":"closed","sticky":false,"template":"","format":"standard","meta":{"footnotes":""},"categories":[27,7],"tags":[],"class_list":["post-10714","post","type-post","status-publish","format-standard","has-post-thumbnail","hentry","category-acoes-da-presidencia-lacerda","category-cofecon-na-midia"],"_links":{"self":[{"href":"https:\/\/cofecon.org.br\/cofecon\/index.php?rest_route=\/wp\/v2\/posts\/10714"}],"collection":[{"href":"https:\/\/cofecon.org.br\/cofecon\/index.php?rest_route=\/wp\/v2\/posts"}],"about":[{"href":"https:\/\/cofecon.org.br\/cofecon\/index.php?rest_route=\/wp\/v2\/types\/post"}],"author":[{"embeddable":true,"href":"https:\/\/cofecon.org.br\/cofecon\/index.php?rest_route=\/wp\/v2\/users\/1"}],"replies":[{"embeddable":true,"href":"https:\/\/cofecon.org.br\/cofecon\/index.php?rest_route=%2Fwp%2Fv2%2Fcomments&post=10714"}],"version-history":[{"count":0,"href":"https:\/\/cofecon.org.br\/cofecon\/index.php?rest_route=\/wp\/v2\/posts\/10714\/revisions"}],"wp:featuredmedia":[{"embeddable":true,"href":"https:\/\/cofecon.org.br\/cofecon\/index.php?rest_route=\/wp\/v2\/media\/10715"}],"wp:attachment":[{"href":"https:\/\/cofecon.org.br\/cofecon\/index.php?rest_route=%2Fwp%2Fv2%2Fmedia&parent=10714"}],"wp:term":[{"taxonomy":"category","embeddable":true,"href":"https:\/\/cofecon.org.br\/cofecon\/index.php?rest_route=%2Fwp%2Fv2%2Fcategories&post=10714"},{"taxonomy":"post_tag","embeddable":true,"href":"https:\/\/cofecon.org.br\/cofecon\/index.php?rest_route=%2Fwp%2Fv2%2Ftags&post=10714"}],"curies":[{"name":"wp","href":"https:\/\/api.w.org\/{rel}","templated":true}]}}