{"id":10521,"date":"2020-03-25T11:06:20","date_gmt":"2020-03-25T14:06:20","guid":{"rendered":"https:\/\/www.cofecon.org.br\/?p=10521"},"modified":"2020-03-25T11:06:20","modified_gmt":"2020-03-25T14:06:20","slug":"artigo-a-pandemia-e-a-politica-economica","status":"publish","type":"post","link":"https:\/\/cofecon.org.br\/cofecon\/?p=10521","title":{"rendered":"Artigo &#8211; A pandemia e a pol\u00edtica econ\u00f4mica"},"content":{"rendered":"\n<p class=\"texto\">Estamos em meio \u00e0 pandemia mais massacrante desde a gripe espanhola, h\u00e1 mais de cem anos. \u00c9 indispens\u00e1vel a a\u00e7\u00e3o do Estado para amenizar tamanho sofrimento, como est\u00e1 ocorrendo nas na\u00e7\u00f5es em geral. Contudo, n\u00e3o \u00e9 essa a disposi\u00e7\u00e3o do atual governo federal, inebriado por quest\u00f5es ideol\u00f3gicas associadas ao neoliberalismo. Segue insistindo com a fal\u00e1cia que nada vale a pena com um setor p\u00fablico ineficiente e corrupto.<\/p>\n<p class=\"texto\">Tamb\u00e9m na pandemia, continua voltado a dois objetivos econ\u00f4micos, um declarado &#8211; elevar o ritmo de crescimento da economia apenas com o setor privado &#8211; outro oculto &#8211; reduzir os rendimentos do trabalho. A estrat\u00e9gia do objetivo declarado \u00e9 reduzir gastos p\u00fablicos para afastar perspectivas de choques adversos e assim elevar os investimentos e consumo privados, o que n\u00e3o tem sido suficiente. Para aumentar a produ\u00e7\u00e3o e investir em amplia\u00e7\u00e3o e moderniza\u00e7\u00e3o \u00e9 necess\u00e1rio que a empresa aumente as vendas, condi\u00e7\u00e3o negligenciada pelo governo.<\/p>\n<p class=\"texto\">Mais \u00eaxito tem conseguido em seu objetivo oculto, de reverter o crescimento dos rendimentos do trabalho acima da produtividade em governos anteriores, que diminu\u00edram o retorno sobre o capital em v\u00e1rios setores. As medidas v\u00eam se sucedendo desde o Governo Temer, tanto diretas quanto reduzindo a necessidade de financiamento da rede de prote\u00e7\u00e3o social &#8211; tetos de gastos, reforma trabalhista, reforma previdenci\u00e1ria, carteira de trabalho verde e amarela.<\/p>\n<p class=\"texto\">Mesmo com um problema da magnitude desta pandemia, a sua posi\u00e7\u00e3o inicial foi acelerar as reformas econ\u00f4micas. Todavia, pressionado pela opini\u00e3o p\u00fablica, institui\u00e7\u00f5es e comunidade das na\u00e7\u00f5es, foi compelido a iniciar uma rea\u00e7\u00e3o, quando ainda pode contar com a estrutura e capilaridade do Sistema \u00danico de Sa\u00fade (SUS) e dos bancos p\u00fablicos, ambos alvo de desmonte pelo pr\u00f3prio governo.<\/p>\n<p class=\"texto\">As medidas, j\u00e1 tomadas ou prometidas, envolvem a libera\u00e7\u00e3o de recursos extras para a \u00e1rea de sa\u00fade; antecipa\u00e7\u00e3o e eleva\u00e7\u00e3o de benef\u00edcios previdenci\u00e1rios e assistenciais, inclusive cupons para trabalhadores do setor informal; adiamento e redu\u00e7\u00e3o de tributos, para facilitar a manuten\u00e7\u00e3o dos empregos em meio \u00e0 acentuada queda de faturamento; est\u00edmulo ao aumento de concess\u00e3o de cr\u00e9dito, em condi\u00e7\u00f5es mais favor\u00e1veis e tamb\u00e9m voltada \u00e0 renegocia\u00e7\u00e3o de d\u00edvidas.<\/p>\n<hr \/>\n<p>Fernando de Aquino Fonseca Neto \u00e9 conselheiro federal. Artigo publicado originalmente no jornal <a href=\"https:\/\/mais.opovo.com.br\/jornal\/opiniao\/2020\/03\/25\/fernando-de-aquino--a-pandemia-e-a-politica-economica.html\">O Povo<\/a>.<\/p>\n","protected":false},"excerpt":{"rendered":"","protected":false},"author":1,"featured_media":10522,"comment_status":"closed","ping_status":"closed","sticky":false,"template":"","format":"standard","meta":{"footnotes":""},"categories":[6],"tags":[],"class_list":["post-10521","post","type-post","status-publish","format-standard","has-post-thumbnail","hentry","category-artigo"],"_links":{"self":[{"href":"https:\/\/cofecon.org.br\/cofecon\/index.php?rest_route=\/wp\/v2\/posts\/10521"}],"collection":[{"href":"https:\/\/cofecon.org.br\/cofecon\/index.php?rest_route=\/wp\/v2\/posts"}],"about":[{"href":"https:\/\/cofecon.org.br\/cofecon\/index.php?rest_route=\/wp\/v2\/types\/post"}],"author":[{"embeddable":true,"href":"https:\/\/cofecon.org.br\/cofecon\/index.php?rest_route=\/wp\/v2\/users\/1"}],"replies":[{"embeddable":true,"href":"https:\/\/cofecon.org.br\/cofecon\/index.php?rest_route=%2Fwp%2Fv2%2Fcomments&post=10521"}],"version-history":[{"count":0,"href":"https:\/\/cofecon.org.br\/cofecon\/index.php?rest_route=\/wp\/v2\/posts\/10521\/revisions"}],"wp:featuredmedia":[{"embeddable":true,"href":"https:\/\/cofecon.org.br\/cofecon\/index.php?rest_route=\/wp\/v2\/media\/10522"}],"wp:attachment":[{"href":"https:\/\/cofecon.org.br\/cofecon\/index.php?rest_route=%2Fwp%2Fv2%2Fmedia&parent=10521"}],"wp:term":[{"taxonomy":"category","embeddable":true,"href":"https:\/\/cofecon.org.br\/cofecon\/index.php?rest_route=%2Fwp%2Fv2%2Fcategories&post=10521"},{"taxonomy":"post_tag","embeddable":true,"href":"https:\/\/cofecon.org.br\/cofecon\/index.php?rest_route=%2Fwp%2Fv2%2Ftags&post=10521"}],"curies":[{"name":"wp","href":"https:\/\/api.w.org\/{rel}","templated":true}]}}