{"id":10280,"date":"2020-03-02T10:20:53","date_gmt":"2020-03-02T13:20:53","guid":{"rendered":"https:\/\/www.cofecon.org.br\/?p=10280"},"modified":"2020-03-02T10:20:53","modified_gmt":"2020-03-02T13:20:53","slug":"plenaria-do-cofecon-tera-debate-sobre-reforma-administrativa","status":"publish","type":"post","link":"https:\/\/cofecon.org.br\/cofecon\/?p=10280","title":{"rendered":"Debate sobre Reforma Administrativa ser\u00e1 transmitido ao vivo"},"content":{"rendered":"\n<p><img loading=\"lazy\" decoding=\"async\" class=\"size-medium wp-image-10281 alignleft\" src=\"https:\/\/www.cofecon.org.br\/wp-content\/uploads\/2020\/03\/reforma-300x214.jpg\" alt=\"\" width=\"300\" height=\"214\" srcset=\"https:\/\/cofecon.org.br\/cofecon\/wp-content\/uploads\/2020\/03\/reforma-300x214.jpg 300w, https:\/\/cofecon.org.br\/cofecon\/wp-content\/uploads\/2020\/03\/reforma.jpg 350w\" sizes=\"(max-width: 300px) 100vw, 300px\" \/>Reforma Administrativa foi o tema escolhido para o debate de conjuntura que marca o in\u00edcio da 696\u00aa Sess\u00e3o Plen\u00e1ria Ordin\u00e1ria do Cofecon. Os economistas Roseli Faria e Jos\u00e9 Celso Pereira Cardoso J\u00fanior participam como debatedores. A discuss\u00e3o ocorrer\u00e1 nesta sexta-feira, 6 de mar\u00e7o, a partir das 10h15, e ser\u00e1 transmitida ao vivo na p\u00e1gina do Cofecon no Facebook &#8211; @CofeconEconomia.<\/p>\n<p>Roseli Faria \u00e9 presidente da Associa\u00e7\u00e3o Nacional dos Servidores de Carreira de Planejamento e Or\u00e7amento (Assecor). Jos\u00e9 Celso Pereira Cardoso J\u00fanior \u00e9 t\u00e9cnico de Planejamento e Pesquisa do Instituto de Pesquisa Econ\u00f4mica Aplicada (IPEA).<\/p>\n<p class=\"gmail-m6097343118587107962standard\">\u00a0<\/p>\n<p class=\"gmail-m6097343118587107962standard\" style=\"text-align: justify; line-height: 12.0pt;\">\u00a0<\/p>\n","protected":false},"excerpt":{"rendered":"","protected":false},"author":1,"featured_media":10281,"comment_status":"closed","ping_status":"closed","sticky":false,"template":"","format":"standard","meta":{"footnotes":""},"categories":[2],"tags":[],"class_list":["post-10280","post","type-post","status-publish","format-standard","has-post-thumbnail","hentry","category-noticias"],"_links":{"self":[{"href":"https:\/\/cofecon.org.br\/cofecon\/index.php?rest_route=\/wp\/v2\/posts\/10280"}],"collection":[{"href":"https:\/\/cofecon.org.br\/cofecon\/index.php?rest_route=\/wp\/v2\/posts"}],"about":[{"href":"https:\/\/cofecon.org.br\/cofecon\/index.php?rest_route=\/wp\/v2\/types\/post"}],"author":[{"embeddable":true,"href":"https:\/\/cofecon.org.br\/cofecon\/index.php?rest_route=\/wp\/v2\/users\/1"}],"replies":[{"embeddable":true,"href":"https:\/\/cofecon.org.br\/cofecon\/index.php?rest_route=%2Fwp%2Fv2%2Fcomments&post=10280"}],"version-history":[{"count":0,"href":"https:\/\/cofecon.org.br\/cofecon\/index.php?rest_route=\/wp\/v2\/posts\/10280\/revisions"}],"wp:featuredmedia":[{"embeddable":true,"href":"https:\/\/cofecon.org.br\/cofecon\/index.php?rest_route=\/wp\/v2\/media\/10281"}],"wp:attachment":[{"href":"https:\/\/cofecon.org.br\/cofecon\/index.php?rest_route=%2Fwp%2Fv2%2Fmedia&parent=10280"}],"wp:term":[{"taxonomy":"category","embeddable":true,"href":"https:\/\/cofecon.org.br\/cofecon\/index.php?rest_route=%2Fwp%2Fv2%2Fcategories&post=10280"},{"taxonomy":"post_tag","embeddable":true,"href":"https:\/\/cofecon.org.br\/cofecon\/index.php?rest_route=%2Fwp%2Fv2%2Ftags&post=10280"}],"curies":[{"name":"wp","href":"https:\/\/api.w.org\/{rel}","templated":true}]}}