{"id":10272,"date":"2020-02-27T17:44:11","date_gmt":"2020-02-27T20:44:11","guid":{"rendered":"https:\/\/www.cofecon.org.br\/?p=10272"},"modified":"2024-12-16T14:54:46","modified_gmt":"2024-12-16T17:54:46","slug":"a-economia-por-elas-confira-a-nova-edicao-da-revista-economistas","status":"publish","type":"post","link":"https:\/\/cofecon.org.br\/cofecon\/?p=10272","title":{"rendered":"A Economia por elas: confira a nova edi\u00e7\u00e3o da revista Economistas"},"content":{"rendered":"\n<p><img loading=\"lazy\" decoding=\"async\" class=\"size-medium wp-image-10273 alignleft\" src=\"https:\/\/www.cofecon.org.br\/cofecon\/wp-content\/uploads\/2020\/02\/economistas-212x300.jpg\" alt=\"\" width=\"212\" height=\"300\" srcset=\"https:\/\/cofecon.org.br\/cofecon\/wp-content\/uploads\/2020\/02\/economistas-212x300.jpg 212w, https:\/\/cofecon.org.br\/cofecon\/wp-content\/uploads\/2020\/02\/economistas.jpg 551w\" sizes=\"(max-width: 212px) 100vw, 212px\" \/><\/p>\n<p>A primeira edi\u00e7\u00e3o da revista Economistas de 2020 j\u00e1 est\u00e1 <a href=\"https:\/\/www.yumpu.com\/pt\/document\/read\/63094815\/revista35-final-site\">dispon\u00edvel aqui<\/a>. Em refer\u00eancia ao Dia Internacional da Mulher, comemorado em 8 de mar\u00e7o, a publica\u00e7\u00e3o traz o olhar de economistas sobre diversos assuntos como desigualdade de g\u00eanero no mercado de trabalho, a busca pelo aumento de profissionais negras em cargos executivos e os desafios das mulheres na carreira docente de Economia.\u00a0<\/p>\n<p>A publica\u00e7\u00e3o foi desenvolvida pela Comiss\u00e3o de Comunica\u00e7\u00e3o do Cofecon com o apoio da Comiss\u00e3o Mulher Economista, com o intuito de valorizar e estimular a difus\u00e3o de ideias e artigos entre as profissionais da \u00e1rea. A proposta \u00e9 que cada vez mais mulheres economistas participem das pr\u00f3ximas edi\u00e7\u00f5es da revista, veiculadas ao longo do ano, por meio de artigos e resenhas.<\/p>\n<p>Confira, abaixo, a lista dos artigos publicados:<\/p>\n<ul>\n<li>Mulheres e a Economia; mulheres economistas: reflex\u00f5es sobre os avan\u00e7os e limites no S\u00e9culo XXI, por Mariana Jansen.<\/li>\n<li>G\u00eanero e outras desigualdades: mercado de trabalho, influ\u00eancias e perspectivas, por Tania Teixeira, Emanuelle Ara\u00fajo da Silveira, Pamela Lorrany Sobrinho e Valqu\u00edria Aparecida Assis.<\/li>\n<li>Tornando as empresas mais equ\u00e2nimes e plurais: por mais mulheres negras nos cargos executivos e no conselho de administra\u00e7\u00e3o, por Lia Lopes de Almeida;<\/li>\n<li>Educa\u00e7\u00e3o financeira, inclus\u00e3o financeira e novos padr\u00f5es de consumo e produ\u00e7\u00e3o, por Silvana Parente;<\/li>\n<li>Reflex\u00f5es sobre a pobreza: a miserabilidade como fruto de m\u00faltiplos fatores, por Jakeline Zampieri;<\/li>\n<li>Os desafios das mulheres na carreira docente de Economia, por Camila Kimie Ugino e Grasiela Cristina da Cunha Baruco;<\/li>\n<li>Sustentabilidade: o Planeta Terra pede socorro, por Nancy Gorgulho;<\/li>\n<li>O desenvolvimento sustent\u00e1vel pela perspectiva do planejamento regional, por Gleicy Denise Vasques Moreira e L\u00eddia Maria Ribas.<\/li>\n<\/ul>\n<p>\u00a0<\/p>\n<p>\u00a0<\/p>\n","protected":false},"excerpt":{"rendered":"<p>A primeira edi\u00e7\u00e3o da revista Economistas de 2020 j\u00e1 est\u00e1 dispon\u00edvel aqui. Em refer\u00eancia ao Dia Internacional da Mulher, comemorado em 8 de mar\u00e7o, a publica\u00e7\u00e3o traz o olhar de economistas sobre diversos assuntos como desigualdade de g\u00eanero no mercado<\/p>\n<p><a class=\"more-link\" href=\"https:\/\/cofecon.org.br\/cofecon\/?p=10272\">Leia Mais<\/a><\/p>\n","protected":false},"author":1,"featured_media":10274,"comment_status":"closed","ping_status":"closed","sticky":false,"template":"","format":"standard","meta":{"footnotes":""},"categories":[9,2,41],"tags":[],"class_list":["post-10272","post","type-post","status-publish","format-standard","has-post-thumbnail","hentry","category-mulhereconomista","category-noticias","category-revista-economistas"],"_links":{"self":[{"href":"https:\/\/cofecon.org.br\/cofecon\/index.php?rest_route=\/wp\/v2\/posts\/10272"}],"collection":[{"href":"https:\/\/cofecon.org.br\/cofecon\/index.php?rest_route=\/wp\/v2\/posts"}],"about":[{"href":"https:\/\/cofecon.org.br\/cofecon\/index.php?rest_route=\/wp\/v2\/types\/post"}],"author":[{"embeddable":true,"href":"https:\/\/cofecon.org.br\/cofecon\/index.php?rest_route=\/wp\/v2\/users\/1"}],"replies":[{"embeddable":true,"href":"https:\/\/cofecon.org.br\/cofecon\/index.php?rest_route=%2Fwp%2Fv2%2Fcomments&post=10272"}],"version-history":[{"count":1,"href":"https:\/\/cofecon.org.br\/cofecon\/index.php?rest_route=\/wp\/v2\/posts\/10272\/revisions"}],"predecessor-version":[{"id":24317,"href":"https:\/\/cofecon.org.br\/cofecon\/index.php?rest_route=\/wp\/v2\/posts\/10272\/revisions\/24317"}],"wp:featuredmedia":[{"embeddable":true,"href":"https:\/\/cofecon.org.br\/cofecon\/index.php?rest_route=\/wp\/v2\/media\/10274"}],"wp:attachment":[{"href":"https:\/\/cofecon.org.br\/cofecon\/index.php?rest_route=%2Fwp%2Fv2%2Fmedia&parent=10272"}],"wp:term":[{"taxonomy":"category","embeddable":true,"href":"https:\/\/cofecon.org.br\/cofecon\/index.php?rest_route=%2Fwp%2Fv2%2Fcategories&post=10272"},{"taxonomy":"post_tag","embeddable":true,"href":"https:\/\/cofecon.org.br\/cofecon\/index.php?rest_route=%2Fwp%2Fv2%2Ftags&post=10272"}],"curies":[{"name":"wp","href":"https:\/\/api.w.org\/{rel}","templated":true}]}}